[{"@context":"https:\/\/schema.org\/","@type":"Article","@id":"https:\/\/www.dimoo.cz\/prace-v-kladne\/#Article","mainEntityOfPage":"https:\/\/www.dimoo.cz\/prace-v-kladne\/","headline":"Pr\u00e1ce v Kladn\u011b","name":"Pr\u00e1ce v Kladn\u011b","description":"V\u011bd\u011bli jste, \u017ee kdy\u017e budete cht\u00edt n\u011bkdy v budoucnu podnikat, \u017ee si taky m\u016f\u017eete sehnat...","datePublished":"2023-05-29","dateModified":"2023-06-29","author":{"@type":"Person","@id":"https:\/\/www.dimoo.cz\/author\/devene\/#Person","name":"devene","url":"https:\/\/www.dimoo.cz\/author\/devene\/","identifier":1,"image":{"@type":"ImageObject","@id":"https:\/\/secure.gravatar.com\/avatar\/15c4177f6d86975c976af12ba80b10af7add2f97f8786f8cf1596253472c0ea7?s=96&d=mm&r=g","url":"https:\/\/secure.gravatar.com\/avatar\/15c4177f6d86975c976af12ba80b10af7add2f97f8786f8cf1596253472c0ea7?s=96&d=mm&r=g","height":96,"width":96}},"publisher":{"@type":"Organization","name":"dimoo.cz","logo":{"@type":"ImageObject","@id":"\/logo.png","url":"\/logo.png","width":600,"height":60}},"image":{"@type":"ImageObject","@id":"https:\/\/www.dimoo.cz\/wp-content\/uploads\/man-7116367_1280.jpg","url":"https:\/\/www.dimoo.cz\/wp-content\/uploads\/man-7116367_1280.jpg","height":0,"width":0},"url":"https:\/\/www.dimoo.cz\/prace-v-kladne\/","about":["Business"],"wordCount":416,"articleBody":"   V\u011bd\u011bli jste, \u017ee kdy\u017e budete cht\u00edt n\u011bkdy v budoucnu podnikat, \u017ee si taky m\u016f\u017eete sehnat n\u011bjak\u00e9 kvalitn\u00ed virtu\u00e1ln\u00ed s\u00eddlo? Pokud byste cht\u011bli zn\u00e1t seznam s\u00eddel, tak se m\u016f\u017eete pod\u00edvat na webov\u00e9 str\u00e1nky profisidla.cz, kde je firma, kter\u00e1 poskytuje r\u016fzn\u00e1 profesion\u00e1ln\u00ed s\u00eddla, kter\u00e1 by se v\u00e1m mohla hodit. A tato firma nab\u00edz\u00ed sv\u00e9 virtu\u00e1ln\u00ed s\u00eddlo opravdu po cel\u00e9 \u010cesk\u00e9 republice a mo\u017en\u00e1 tak\u00e9 v zahrani\u010d\u00ed. Z\u00e1le\u017e\u00ed samoz\u0159ejm\u011b pouze jenom na v\u00e1s, kde byste cht\u011bli m\u00edt sv\u00e9 virtu\u00e1ln\u00ed s\u00eddlo. A co t\u0159eba Kladno? Sly\u0161ela jsem, \u017ee Kladno je opravdu p\u011bkn\u00e9 m\u011bsto, kde je tak\u00e9 mnoho pracovn\u00edch p\u0159\u00edle\u017eitost\u00ed. Nav\u00edc v t\u00e9to firm\u011b tak\u00e9 ve St\u0159edn\u00edch \u010cech\u00e1ch nab\u00edz\u00ed opravdu kr\u00e1sn\u00e9 a luxusn\u00ed virtu\u00e1ln\u00ed s\u00eddlo, kter\u00e9 je v m\u011bst\u011b Kladno. Je to poskytovan\u00e9 v zrekonstruovan\u00e9 budov\u011b a samoz\u0159ejm\u011b je to v klidn\u00e9 \u010d\u00e1sti Kladna, a to se jmenuje \u0160vermov. A adresa je opravdu skv\u011bl\u00fdm \u0159e\u0161en\u00edm pro r\u016fzn\u00e9 OSV\u010c anebo firmy, kte\u0159\u00ed se nap\u0159\u00edklad zam\u011b\u0159uj\u00ed na lid\u00e9 a z\u00e1kazn\u00edky ze St\u0159edo\u010desk\u00e9ho kraje a regionu. A nav\u00edc k tomu v\u016fbec nepot\u0159ebuji \u017e\u00e1dn\u00e9 kancel\u00e1\u0159sk\u00e9 prostory a dal\u0161\u00ed v\u011bci, jako je b\u011b\u017en\u00e9. A tak\u00e9 je samoz\u0159ejmost\u00ed, \u017ee tato virtu\u00e1ln\u00ed adresa v Kladn\u011b m\u00e1 v\u0161echny opravdu povinn\u00e9 a z\u00e1konn\u00e9 po\u017eadavky, tak\u017ee va\u0161e spole\u010dnost nebo firma bude v\u017edycky v dobr\u00fdch rukou a nebude nic ud\u011blan\u00e9 jenom tak na oko, aby to bylo p\u0159ehnan\u00e9 a nekvalitn\u00ed. Pokud byste cht\u011bli t\u0159eba kr\u00e1sn\u00e9 virtu\u00e1ln\u00ed s\u00eddlo firmy v Kladn\u011b na ulici \u017di\u017ekova, tak nap\u0159\u00edklad zaplat\u00edte m\u011bs\u00ed\u010dn\u00ed n\u00e1jem hodnot\u011b necel\u00fdch t\u0159i sta korun Bude to opravdu reprezentativn\u00ed s\u00eddlo pro va\u0161i firmu. Opravdu nev\u00e1hejte a zkuste kontaktovat firmu, kter\u00e1 je opravdu spolehliv\u00e1 a v\u017edycky sv\u00fdm zam\u011bstnanc\u016fm a z\u00e1jemc\u016fm p\u0159ijde vst\u0159\u00edc. Seznam s\u00eddel v Kladn\u011b Profisidla najdete p\u0159ehledn\u011b na webu. Seznam s\u00eddel v Kladn\u011b je opravdu kvalitn\u00ed a tak\u00e9 velmi perspektivn\u00ed, proto\u017ee se jedn\u00e1 o kr\u00e1sn\u00e9 m\u011bsto, kde je v\u00e1\u017en\u011b mnoho p\u0159\u00edle\u017eitost\u00ed, a to nejenom k pr\u00e1ci a podnik\u00e1n\u00ed.                                                                                                                                                                                                                                                                                                                                                                                           3.8\/5 - (13 votes)        "},{"@context":"https:\/\/schema.org\/","@type":"BreadcrumbList","itemListElement":[{"@type":"ListItem","position":1,"name":"Pr\u00e1ce v Kladn\u011b","item":"https:\/\/www.dimoo.cz\/prace-v-kladne\/#breadcrumbitem"}]}]