[{"@context":"https:\/\/schema.org\/","@type":"Article","@id":"https:\/\/www.dimoo.cz\/osobni-rust-je-treba-podporit\/#Article","mainEntityOfPage":"https:\/\/www.dimoo.cz\/osobni-rust-je-treba-podporit\/","headline":"Osobn\u00ed r\u016fst je t\u0159eba podpo\u0159it","name":"Osobn\u00ed r\u016fst je t\u0159eba podpo\u0159it","description":"Ne nadarmo se &Aring;&#8482;&Atilde;&shy;k&Atilde;&iexcl;, &Aring;&frac34;e &Aring;&iexcl;t&Auml;&#8250;st&Atilde;&shy; p&Aring;&#8482;eje p&Aring;&#8482;ipraven&Atilde;&frac12;m. Je to zkr&Atilde;&iexcl;tka tak, &Aring;&frac34;e toto star&Atilde;&copy;...","datePublished":"2023-02-23","dateModified":"2024-02-26","author":{"@type":"Person","@id":"https:\/\/www.dimoo.cz\/author\/devene\/#Person","name":"devene","url":"https:\/\/www.dimoo.cz\/author\/devene\/","identifier":1,"image":{"@type":"ImageObject","@id":"https:\/\/secure.gravatar.com\/avatar\/15c4177f6d86975c976af12ba80b10af7add2f97f8786f8cf1596253472c0ea7?s=96&d=mm&r=g","url":"https:\/\/secure.gravatar.com\/avatar\/15c4177f6d86975c976af12ba80b10af7add2f97f8786f8cf1596253472c0ea7?s=96&d=mm&r=g","height":96,"width":96}},"publisher":{"@type":"Organization","name":"dimoo.cz","logo":{"@type":"ImageObject","@id":"\/logo.png","url":"\/logo.png","width":600,"height":60}},"url":"https:\/\/www.dimoo.cz\/osobni-rust-je-treba-podporit\/","wordCount":835,"articleBody":"Ne nadarmo se &Aring;&#8482;&Atilde;&shy;k&Atilde;&iexcl;, &Aring;&frac34;e &Aring;&iexcl;t&Auml;&#8250;st&Atilde;&shy; p&Aring;&#8482;eje p&Aring;&#8482;ipraven&Atilde;&frac12;m. Je to zkr&Atilde;&iexcl;tka tak, &Aring;&frac34;e toto star&Atilde;&copy; lidov&Atilde;&copy; moudro plat&Atilde;&shy; stejn&Auml;&#8250; dob&Aring;&#8482;e i nyn&Atilde;&shy;, v 21. stolet&Atilde;&shy;. Aby ale mohlo stejn&Auml;&#8250; dob&Aring;&#8482;e platit i pro v&Atilde;&iexcl;s, mus&Atilde;&shy;te v&Auml;&#8250;d&Auml;&#8250;t, kde se nejl&Atilde;&copy;pe p&Aring;&#8482;iprav&Atilde;&shy;te. Abyste mohli b&Atilde;&frac12;t &Atilde;&ordm;sp&Auml;&#8250;&Aring;&iexcl;n&Atilde;&frac12;mi mana&Aring;&frac34;ery, a to v jak&Atilde;&copy;mkoliv oboru, ze v&Aring;&iexcl;eho nejv&Atilde;&shy;ce pot&Aring;&#8482;ebujete b&Atilde;&frac12;t informovan&Atilde;&shy;. M&Atilde;&shy;t p&Aring;&#8482;&Atilde;&shy;stup k t&Auml;&#8250;m spr&Atilde;&iexcl;vn&Atilde;&frac12;m informac&Atilde;&shy;m je zkr&Atilde;&iexcl;tka a dob&Aring;&#8482;e z&Atilde;&iexcl;klad ka&Aring;&frac34;d&Atilde;&copy;ho &Atilde;&ordm;sp&Auml;&#8250;chu. My v&Atilde;&iexcl;m nyn&Atilde;&shy; nab&Atilde;&shy;dneme jedine&Auml;nou p&Aring;&#8482;&Atilde;&shy;le&Aring;&frac34;itost, kde m&Aring;&macr;&Aring;&frac34;ete z&Atilde;&shy;skat p&Aring;&#8482;&Atilde;&shy;stup k t&Auml;&#8250;m nejlep&Aring;&iexcl;&Atilde;&shy;m informac&Atilde;&shy;m z r&Aring;&macr;zn&Atilde;&frac12;ch obor&Aring;&macr; managementu. Konference, kter&Atilde;&iexcl; se za t&Atilde;&shy;mto &Atilde;&ordm;&Auml;elem bude v bl&Atilde;&shy;zk&Atilde;&copy; dob&Auml;&#8250; konat, v&Atilde;&iexcl;m m&Aring;&macr;&Aring;&frac34;e velmi pomoci zlep&Aring;&iexcl;it va&Aring;&iexcl;e mana&Aring;&frac34;ersk&Atilde;&copy; schopnosti a d&Atilde;&iexcl; v&Atilde;&iexcl;m v&Auml;&#8250;t&Aring;&iexcl;&Atilde;&shy; nadhled a v&Auml;&#8250;t&Aring;&iexcl;&Atilde;&shy; schopnost sebereflexe. P&Aring;&#8482;&Atilde;&shy;b&Auml;&#8250;hy r&Aring;&macr;stu, kter&Atilde;&copy; m&Atilde;&iexcl; toto setk&Atilde;&iexcl;n&Atilde;&shy; &Atilde;&ordm;sp&Auml;&#8250;&Aring;&iexcl;n&Atilde;&frac12;ch lid&Atilde;&shy; v n&Atilde;&iexcl;zvu, ji&Aring;&frac34; jist&Auml;&#8250; ve v&Atilde;&iexcl;s evokuje to, o &Auml;em hlavn&Auml;&#8250; bude &Aring;&#8482;e&Auml;. A inspirace bude to, co d&Atilde;&shy;ky &Atilde;&ordm;&Auml;asti na t&Atilde;&copy;to akci zcela nepochybn&Auml;&#8250; z&Atilde;&shy;sk&Atilde;&iexcl;te do sv&Atilde;&copy;ho profesn&Atilde;&shy;ho &Aring;&frac34;ivota.\tP&Aring;&#8482;ij&Auml;te si roz&Aring;&iexcl;&Atilde;&shy;&Aring;&#8482;it obzory na presti&Aring;&frac34;n&Atilde;&shy; konferenciM&Atilde;&shy;t p&Aring;&#8482;&Atilde;&shy;stup k informac&Atilde;&shy;m u v&Atilde;&iexcl;s povede k dal&Aring;&iexcl;&Atilde;&shy;mu profesn&Atilde;&shy;mu r&Aring;&macr;stu. Pozv&Atilde;&iexcl;nka na konferenci P&Aring;&#8482;&Atilde;&shy;b&Auml;&#8250;hy r&Aring;&macr;stu a inspirace, kde vystoup&Atilde;&shy; mnoho p&Aring;&#8482;edn&Atilde;&shy;ch &Auml;esk&Atilde;&frac12;ch mana&Aring;&frac34;er&Aring;&macr; a lid&Atilde;&shy;, kte&Aring;&#8482;&Atilde;&shy; stoj&Atilde;&shy; za &Atilde;&ordm;sp&Auml;&#8250;chy sv&Atilde;&frac12;ch firem a nejr&Aring;&macr;zn&Auml;&#8250;j&Aring;&iexcl;&Atilde;&shy;ch instituc&Atilde;&shy;, v&Atilde;&iexcl;m otev&Aring;&#8482;e v mnoh&Atilde;&copy;m o&Auml;i. M&Atilde;&shy;t mo&Aring;&frac34;nost poslechnout si jejich p&Aring;&#8482;&Atilde;&shy;b&Auml;&#8250;hy o tom, jak stoupali k vrcholu, jak&Atilde;&copy; p&Aring;&#8482;ek&Atilde;&iexcl;&Aring;&frac34;ky musely &Aring;&#8482;e&Aring;&iexcl;it, &Auml;emu &Auml;elili a tak d&Atilde;&iexcl;le, to ve v&Atilde;&iexcl;s m&Aring;&macr;&Aring;&frac34;e vyvolat pocit sebereflexe a uv&Auml;&#8250;dom&Auml;&#8250;n&Atilde;&shy;, &Aring;&frac34;e jste na tom mo&Aring;&frac34;n&Atilde;&iexcl; podobn&Auml;&#8250;, jako tito ji&Aring;&frac34; &Atilde;&ordm;sp&Auml;&#8250;&Aring;&iexcl;n&Atilde;&shy; lid&Atilde;&copy;. D&Aring;&macr;le&Aring;&frac34;it&Atilde;&copy; je nejenom m&Atilde;&shy;t dostatek informac&Atilde;&shy;, ale tak&Atilde;&copy; pevnou v&Aring;&macr;li, a to na&Aring;&iexcl;i &Aring;&#8482;e&Auml;n&Atilde;&shy;ci jist&Auml;&#8250; maj&Atilde;&shy;. P&Aring;&#8482;ij&Auml;te si tedy vyslechnout to, co maj&Atilde;&shy; na srdci, p&Aring;&#8482;ij&Auml;te si vyslechnout to, co v&Atilde;&iexcl;m mohou tito lid&Atilde;&copy; p&Aring;&#8482;edat a sta&Aring;&#710;te se tak&Atilde;&copy; &Atilde;&ordm;sp&Auml;&#8250;&Aring;&iexcl;n&Atilde;&frac12;mi mana&Aring;&frac34;ery sv&Atilde;&frac12;ch podnik&Aring;&macr;! Je to jedine&Auml;n&Atilde;&iexcl; p&Aring;&#8482;&Atilde;&shy;le&Aring;&frac34;itost, kterou byste rozhodn&Auml;&#8250; nem&Auml;&#8250;li prome&Aring;&iexcl;kat!                                                                                                                                                                                                                                                                                                                                                                                        3.3\/5 - (13 votes)        "},{"@context":"https:\/\/schema.org\/","@type":"BreadcrumbList","itemListElement":[{"@type":"ListItem","position":1,"name":"Osobn\u00ed r\u016fst je t\u0159eba podpo\u0159it","item":"https:\/\/www.dimoo.cz\/osobni-rust-je-treba-podporit\/#breadcrumbitem"}]}]