[{"@context":"https:\/\/schema.org\/","@type":"Article","@id":"https:\/\/www.dimoo.cz\/letni-kulturni-akce\/#Article","mainEntityOfPage":"https:\/\/www.dimoo.cz\/letni-kulturni-akce\/","headline":"Letn\u00ed kulturn\u00ed akce","name":"Letn\u00ed kulturn\u00ed akce","description":"Z bohat\u00e9ho\u00a0kulturn\u00edho programu, kter\u00fd je pro n\u00e1v\u0161t\u011bvn\u00edky p\u0159ipraven na nadch\u00e1zej\u00edc\u00ed letn\u00ed sez\u00f3nu, si ur\u010dit\u011b vybere...","datePublished":"2022-10-27","dateModified":"2023-06-27","author":{"@type":"Person","@id":"https:\/\/www.dimoo.cz\/author\/devene\/#Person","name":"devene","url":"https:\/\/www.dimoo.cz\/author\/devene\/","identifier":1,"image":{"@type":"ImageObject","@id":"https:\/\/secure.gravatar.com\/avatar\/15c4177f6d86975c976af12ba80b10af7add2f97f8786f8cf1596253472c0ea7?s=96&d=mm&r=g","url":"https:\/\/secure.gravatar.com\/avatar\/15c4177f6d86975c976af12ba80b10af7add2f97f8786f8cf1596253472c0ea7?s=96&d=mm&r=g","height":96,"width":96}},"publisher":{"@type":"Organization","name":"dimoo.cz","logo":{"@type":"ImageObject","@id":"\/logo.png","url":"\/logo.png","width":600,"height":60}},"image":{"@type":"ImageObject","@id":"https:\/\/www.dimoo.cz\/wp-content\/uploads\/maurice-sahl-KqtRg-enNZ8-unsplash_1.jpg","url":"https:\/\/www.dimoo.cz\/wp-content\/uploads\/maurice-sahl-KqtRg-enNZ8-unsplash_1.jpg","height":0,"width":0},"url":"https:\/\/www.dimoo.cz\/letni-kulturni-akce\/","about":["Kultura"],"wordCount":449,"articleBody":"Z bohat\u00e9ho\u00a0kulturn\u00edho programu, kter\u00fd je pro n\u00e1v\u0161t\u011bvn\u00edky p\u0159ipraven na nadch\u00e1zej\u00edc\u00ed letn\u00ed sez\u00f3nu, si ur\u010dit\u011b vybere ka\u017ed\u00fd. A\u0165 u\u017e rodiny s d\u011btmi, partnersk\u00e9 p\u00e1ry \u010di skupina kamar\u00e1d\u016f. Pro milovn\u00edky aut je p\u0159ipraveno Fajne leto &#8211; Hr\u00e1tky s Tatrou, kter\u00e9 pro sv\u00e9 p\u0159\u00edznivce p\u0159ipravilo Muzeum n\u00e1kladn\u00edch automobil\u016f v Kop\u0159ivnici. Nejen\u017ee se p\u0159ed jeho branami sjedou plastov\u00e9 tatrovky z cel\u00e9 republiky, ale pro nad\u0161en\u00e9 fanou\u0161ky bude p\u0159ipraveno mnoho sout\u011b\u017e\u00ed. Jak o\u00a0ten nejkr\u00e1sn\u011bj\u0161\u00ed model, ale i j\u00edzdy zru\u010dnosti \u010di\u00a0nakl\u00e1d\u00e1n\u00ed materi\u00e1lu. Odpoledne bude zakon\u010deno spanilou j\u00edzdou. \u010c\u00edm\u017e program neskon\u010d\u00ed. Kulturn\u00ed vystoupen\u00ed bluegrassov\u00e9 kapely napln\u00ed ve\u010dern\u00ed \u010das pod hv\u011bzdami n\u00e1dhernou muzikou.Na louce u h\u0159i\u0161t\u011b v Ludge\u0159ovic\u00edch je p\u0159ipravena \u0159ezb\u00e1\u0159sk\u00e1 sout\u011b\u017e O zlatou l\u00edpu. Na tr\u00e1v\u011b pod \u0161ir\u00fdm nebem se sejdou \u0159ezb\u00e1\u0159i z cel\u00e9ho kraje a sv\u00fdmi um\u011bleck\u00fdmi d\u00edly zabojuj\u00ed\u00a0o prvenstv\u00ed. Doprovodn\u00fd program t\u00e9to ka\u017edoro\u010dn\u00ed akce je opravdu bohat\u00fd. Kulturn\u00ed akce b\u011bhem cel\u00e9ho odpoledne a\u017e do pozdn\u00edch ve\u010dern\u00edch hodin vypln\u00ed koncerty zn\u00e1m\u00fdch kapel. Dokonce p\u0159\u00edmo na m\u00edst\u011b prob\u011bhne i bohoslu\u017eba, kter\u00e1 se v p\u0159\u00edpad\u011b nep\u0159\u00edzniv\u00e9ho po\u010das\u00ed odslou\u017e\u00ed v m\u00edstn\u00edm kostele. Po\u0159adatel\u00e9 mysleli i na milovn\u00edky dobr\u00e9ho j\u00eddla a jako sou\u010d\u00e1st t\u00e9to Letn\u00ed slavnosti prob\u011bhne Gul\u00e1\u0161fest. Kter\u00fd se postar\u00e1 i o stylov\u00e9 poho\u0161t\u011bn\u00ed. Jak \u0159ezb\u00e1\u0159\u016fm, tak hudebn\u00edk\u016fm a rovn\u011b\u017e\u00a0v\u0161em n\u00e1v\u0161t\u011bvn\u00edk\u016fm.Dal\u0161\u00edm m\u00edstem, na kter\u00e9m lze za\u017e\u00edt n\u00e1dhern\u00fd ve\u010der, je Amfite\u00e1tr na Hore\u010dk\u00e1ch. Kde je p\u0159ipraven u\u017e sedm\u00fd ro\u010dn\u00edk Tan\u010den\u00ed pod hv\u011bzdami. T\u00edm, \u017ee cel\u00e1 akce prob\u011bhne v are\u00e1lu nad skokansk\u00fdmi m\u016fstky, jsou kulisy t\u00e9to tohoto kulturn\u00edho po\u010dinu mimo\u0159\u00e1dn\u011b p\u016fsobiv\u00e9. B\u011bhem odpoledne jsou na programu vystoupen\u00ed tane\u010dn\u00edch um\u011bleck\u00fdch \u0161kol z bl\u00edzk\u00e9ho okol\u00ed. Kter\u00e9 ve t\u0159iceti choreografi\u00edch p\u0159edvedou nejen tance klasick\u00e9, ale rovn\u011b\u017e tanec sc\u00e9nick\u00fd, lidov\u00fd \u010di jazzov\u00fd. Vpodve\u010der pak prob\u011bhne samostatn\u00e9 vystoupen\u00ed fren\u0161t\u00e1tsk\u00fdch tane\u010dnic. Kter\u00e9 na podium p\u0159izvou i z\u00e1jemce o tanec v tomto romantick\u00e9m prost\u0159ed\u00ed. Proto je pro div\u00e1ky dobr\u00e9 do batohu p\u0159ibalit i tane\u010dn\u00ed st\u0159ev\u00edce. A u\u017e\u00edt ve\u010dera se v\u0161\u00edm v\u0161udy.                                                                                                                                                                                                                                                                                                                                                                                        4.4\/5 - (7 votes)        "},{"@context":"https:\/\/schema.org\/","@type":"BreadcrumbList","itemListElement":[{"@type":"ListItem","position":1,"name":"Letn\u00ed kulturn\u00ed akce","item":"https:\/\/www.dimoo.cz\/letni-kulturni-akce\/#breadcrumbitem"}]}]